{"id":262,"date":"2008-05-11T23:48:13","date_gmt":"2008-05-11T21:48:13","guid":{"rendered":"http:\/\/www.informetica.it\/blog\/?p=262"},"modified":"2008-05-12T00:12:29","modified_gmt":"2008-05-11T22:12:29","slug":"siamo-rovinati-neanche-dopo-un-mese","status":"publish","type":"post","link":"https:\/\/www.informetica.it\/blog\/?p=262","title":{"rendered":"Siamo rovinati dopo neanche un mese"},"content":{"rendered":"<p><object width=\"425\" height=\"355\"><param name=\"movie\" value=\"http:\/\/www.youtube.com\/v\/LmuGJ18pksg&#038;hl=en\"><\/param><param name=\"wmode\" value=\"transparent\"><\/param><\/object><br \/>\n(&#8230;per il resto della intervista andare direttamente su YOUTUBE..)<br \/>\nLe polemiche ad Anno Zero settimana scorsa per la pubblicit\u00e0 a Grillo, adesso le polemiche a Travaglio per l&#8217;intervento su Schifani&#8230;\u00e8 normale ormai che nei programmi in TV la realt\u00e0 non debba mai essere raccontata in modo chiaro e preciso.<br \/>\nVa bene soltanto montare servizi sulla grande cucina alla milanese con il risotto e la cotoletta, investire su programmi idioti stile &#8220;Amici&#8221; o &#8220;Grande fratello&#8221; o dare spazio alla non-cultura di &#8220;Lucignolo&#8221;? Mi piacerebbe capire quale \u00e8 la differenza tra la verit\u00e0 oggettiva basata su documenti ufficiali esposta da Travaglio e la realt\u00e0 effimera presentata da Lucignolo. Quale delle due \u00e8 veramente da denuncia?<\/p>\n<p>L&#8217;aspetto veramente fastidioso \u00e8 che \u00e8 sufficiente leggere un po&#8217; di giornali esteri, parlare con un po&#8217; di stranieri per avere una minima idea di quello che, da fuori, si percepisce dell&#8217;Italia, del delitto che stiamo subendo in termini di libert\u00e0 di espressione. E soprattutto&#8230;perch\u00e9 con un paese che tutti ci invidiano e che \u00e8 cos\u00ec pieno di potenzialit\u00e0, dobbiamo rovinarci e sprecare cos\u00ec tutto questo ben di Dio che ci viene dato con una situazione cos\u00ec assurda!?<\/p>\n<p>Un saluto arrabbiato,<br \/>\nMarco<\/p>\n","protected":false},"excerpt":{"rendered":"<p>(&#8230;per il resto della intervista andare direttamente su YOUTUBE..) Le polemiche ad Anno Zero settimana scorsa per la pubblicit\u00e0 a Grillo, adesso le polemiche a Travaglio per l&#8217;intervento su Schifani&#8230;\u00e8 normale ormai che nei programmi in TV la realt\u00e0 non &hellip; <a href=\"https:\/\/www.informetica.it\/blog\/?p=262\">Continua a leggere<span class=\"meta-nav\">&rarr;<\/span><\/a><\/p>\n","protected":false},"author":1,"featured_media":0,"comment_status":"open","ping_status":"open","sticky":false,"template":"","format":"standard","meta":{"jetpack_post_was_ever_published":false,"footnotes":"","jetpack_publicize_message":"","jetpack_is_tweetstorm":false,"jetpack_publicize_feature_enabled":true},"categories":[1],"tags":[],"jetpack_publicize_connections":[],"jetpack_featured_media_url":"","jetpack_sharing_enabled":true,"jetpack_shortlink":"https:\/\/wp.me\/pj1YO-4e","_links":{"self":[{"href":"https:\/\/www.informetica.it\/blog\/index.php?rest_route=\/wp\/v2\/posts\/262"}],"collection":[{"href":"https:\/\/www.informetica.it\/blog\/index.php?rest_route=\/wp\/v2\/posts"}],"about":[{"href":"https:\/\/www.informetica.it\/blog\/index.php?rest_route=\/wp\/v2\/types\/post"}],"author":[{"embeddable":true,"href":"https:\/\/www.informetica.it\/blog\/index.php?rest_route=\/wp\/v2\/users\/1"}],"replies":[{"embeddable":true,"href":"https:\/\/www.informetica.it\/blog\/index.php?rest_route=%2Fwp%2Fv2%2Fcomments&post=262"}],"version-history":[{"count":0,"href":"https:\/\/www.informetica.it\/blog\/index.php?rest_route=\/wp\/v2\/posts\/262\/revisions"}],"wp:attachment":[{"href":"https:\/\/www.informetica.it\/blog\/index.php?rest_route=%2Fwp%2Fv2%2Fmedia&parent=262"}],"wp:term":[{"taxonomy":"category","embeddable":true,"href":"https:\/\/www.informetica.it\/blog\/index.php?rest_route=%2Fwp%2Fv2%2Fcategories&post=262"},{"taxonomy":"post_tag","embeddable":true,"href":"https:\/\/www.informetica.it\/blog\/index.php?rest_route=%2Fwp%2Fv2%2Ftags&post=262"}],"curies":[{"name":"wp","href":"https:\/\/api.w.org\/{rel}","templated":true}]}}